{"id":38938,"date":"2023-03-13T23:51:20","date_gmt":"2023-03-14T02:51:20","guid":{"rendered":"https:\/\/quebrandocontrole.com.br\/site\/?p=38938"},"modified":"2023-03-13T23:51:21","modified_gmt":"2023-03-14T02:51:21","slug":"a-xbox-confirmou-que-nao-fara-parte-do-espaco-de-estandes-fisicos-da-e3-2023","status":"publish","type":"post","link":"https:\/\/quebrandocontrole.com.br\/site\/a-xbox-confirmou-que-nao-fara-parte-do-espaco-de-estandes-fisicos-da-e3-2023\/","title":{"rendered":"A Xbox confirmou que n\u00e3o far\u00e1 parte do espa\u00e7o de estandes f\u00edsicos da E3 2023."},"content":{"rendered":"\n<p>Foto :\u00a0Microsoft<\/p>\n\n\n\n<p>A Microsoft confirmou que n\u00e3o ter\u00e1 um estande f\u00edsico no showroom da E3 deste ano. Em uma declara\u00e7\u00e3o ao IGN, um porta-voz da empresa afirmou isso, mas acrescentou que a empresa est\u00e1 animada em apoiar a E3 2023 por meio da Digital Week (confer\u00eancia).<\/p>\n\n\n\n<p class=\"has-vivid-red-color has-text-color\">\u201cMal podemos esperar para hospedar nosso Xbox Games Showcase em 11 de junho e compartilharemos mais detalhes posteriormente\u201d, disse o representante.<\/p>\n\n\n\n<p class=\"has-vivid-red-color has-text-color\">\u201cTamb\u00e9m estamos ansiosos para co-transmitir nosso evento como parte da E3 Digital, mas n\u00e3o estaremos no showroom de demos e entrevistas f\u00edsicas da E3.\u201d<\/p>\n\n\n\n<p>A Digital Week, uma semana de confer\u00eancias de editoras e est\u00fadios para a E3 2023, come\u00e7ar\u00e1 no domingo, 11 de junho, e contar\u00e1 com v\u00e1rias apresenta\u00e7\u00f5es, incluindo o PC Gaming Show, Future Games Show, Guerilla Collective, um evento dedicado ao Starfield, o Xbox Games Showcase e o Black Voices in Gaming.<\/p>\n\n\n\n<p>Os E3 Industry Days, dias em que profissionais da ind\u00fastria poder\u00e3o jogar os t\u00edtulos dispon\u00edveis como parte da E3 2023, ocorrer\u00e3o de 13 a 15 de junho de 2023 e ser\u00e3o reservados exclusivamente para colaboradores registrados da ind\u00fastria de videogames, imprensa e criadores de conte\u00fado.<\/p>\n\n\n\n<p>Os E3 Gamer Days acontecer\u00e3o de 15 a 16 de junho de 2023 e ser\u00e3o abertos ao p\u00fablico em geral e aos participantes da m\u00eddia. Esta ser\u00e1 a primeira E3 presencial desde que a pandemia de COVID-19 interrompeu o evento em 2020.<\/p>\n","protected":false},"excerpt":{"rendered":"<p>Foto :\u00a0Microsoft A Microsoft confirmou que n\u00e3o ter\u00e1 um estande f\u00edsico no showroom da E3 deste ano. Em uma declara\u00e7\u00e3o ao IGN, um porta-voz da empresa afirmou isso, mas acrescentou que a empresa est\u00e1 animada em apoiar a E3 2023 por meio da Digital Week (confer\u00eancia). \u201cMal podemos esperar para hospedar nosso Xbox Games Showcase [&hellip;]<\/p>\n","protected":false},"author":66,"featured_media":38939,"comment_status":"open","ping_status":"open","sticky":false,"template":"","format":"standard","meta":{"ngg_post_thumbnail":0,"footnotes":""},"categories":[8,6],"tags":[],"class_list":["post-38938","post","type-post","status-publish","format-standard","has-post-thumbnail","hentry","category-noticias","category-ultimas-noticias"],"wpmagazine_modules_lite_featured_media_urls":{"thumbnail":["https:\/\/quebrandocontrole.com.br\/site\/wp-content\/uploads\/2023\/03\/Elenco-Kaya-Rodrigues-credito-Giordano-Toldo-02-1024x611-4-150x150.jpg",150,150,true],"cvmm-medium":["https:\/\/quebrandocontrole.com.br\/site\/wp-content\/uploads\/2023\/03\/Elenco-Kaya-Rodrigues-credito-Giordano-Toldo-02-1024x611-4.jpg",300,200,false],"cvmm-medium-plus":["https:\/\/quebrandocontrole.com.br\/site\/wp-content\/uploads\/2023\/03\/Elenco-Kaya-Rodrigues-credito-Giordano-Toldo-02-1024x611-4.jpg",305,204,false],"cvmm-portrait":["https:\/\/quebrandocontrole.com.br\/site\/wp-content\/uploads\/2023\/03\/Elenco-Kaya-Rodrigues-credito-Giordano-Toldo-02-1024x611-4.jpg",400,267,false],"cvmm-medium-square":["https:\/\/quebrandocontrole.com.br\/site\/wp-content\/uploads\/2023\/03\/Elenco-Kaya-Rodrigues-credito-Giordano-Toldo-02-1024x611-4.jpg",600,401,false],"cvmm-large":["https:\/\/quebrandocontrole.com.br\/site\/wp-content\/uploads\/2023\/03\/Elenco-Kaya-Rodrigues-credito-Giordano-Toldo-02-1024x611-4.jpg",620,414,false],"cvmm-small":["https:\/\/quebrandocontrole.com.br\/site\/wp-content\/uploads\/2023\/03\/Elenco-Kaya-Rodrigues-credito-Giordano-Toldo-02-1024x611-4.jpg",130,87,false],"full":["https:\/\/quebrandocontrole.com.br\/site\/wp-content\/uploads\/2023\/03\/Elenco-Kaya-Rodrigues-credito-Giordano-Toldo-02-1024x611-4.jpg",620,414,false]},"categories_names":{"8":{"name":"Not\u00edcias","link":"https:\/\/quebrandocontrole.com.br\/site\/category\/noticias\/"},"6":{"name":"\u00daltimas not\u00edcias","link":"https:\/\/quebrandocontrole.com.br\/site\/category\/noticias\/ultimas-noticias\/"}},"tags_names":[],"comments_number":"0","_links":{"self":[{"href":"https:\/\/quebrandocontrole.com.br\/site\/wp-json\/wp\/v2\/posts\/38938","targetHints":{"allow":["GET"]}}],"collection":[{"href":"https:\/\/quebrandocontrole.com.br\/site\/wp-json\/wp\/v2\/posts"}],"about":[{"href":"https:\/\/quebrandocontrole.com.br\/site\/wp-json\/wp\/v2\/types\/post"}],"author":[{"embeddable":true,"href":"https:\/\/quebrandocontrole.com.br\/site\/wp-json\/wp\/v2\/users\/66"}],"replies":[{"embeddable":true,"href":"https:\/\/quebrandocontrole.com.br\/site\/wp-json\/wp\/v2\/comments?post=38938"}],"version-history":[{"count":0,"href":"https:\/\/quebrandocontrole.com.br\/site\/wp-json\/wp\/v2\/posts\/38938\/revisions"}],"wp:featuredmedia":[{"embeddable":true,"href":"https:\/\/quebrandocontrole.com.br\/site\/wp-json\/wp\/v2\/media\/38939"}],"wp:attachment":[{"href":"https:\/\/quebrandocontrole.com.br\/site\/wp-json\/wp\/v2\/media?parent=38938"}],"wp:term":[{"taxonomy":"category","embeddable":true,"href":"https:\/\/quebrandocontrole.com.br\/site\/wp-json\/wp\/v2\/categories?post=38938"},{"taxonomy":"post_tag","embeddable":true,"href":"https:\/\/quebrandocontrole.com.br\/site\/wp-json\/wp\/v2\/tags?post=38938"}],"curies":[{"name":"wp","href":"https:\/\/api.w.org\/{rel}","templated":true}]}}