{"id":51214,"date":"2024-07-23T12:26:29","date_gmt":"2024-07-23T15:26:29","guid":{"rendered":"https:\/\/quebrandocontrole.com.br\/site\/?p=51214"},"modified":"2024-07-23T12:26:40","modified_gmt":"2024-07-23T15:26:40","slug":"imagineland-tera-cerimonia-de-abertura-nesta-quinta-25-com-homenagem-aos-30-anos-de-os-cavaleiros-do-zodiaco-no-brasil","status":"publish","type":"post","link":"https:\/\/quebrandocontrole.com.br\/site\/imagineland-tera-cerimonia-de-abertura-nesta-quinta-25-com-homenagem-aos-30-anos-de-os-cavaleiros-do-zodiaco-no-brasil\/","title":{"rendered":"Imagineland ter\u00e1 Cerim\u00f4nia de Abertura nesta quinta (25) com homenagem aos 30 anos de \u2018Os Cavaleiros do Zod\u00edaco\u2019 no Brasil"},"content":{"rendered":"\n<p>Cantor oficial dos Cavaleiros do Zod\u00edaco e guitarrista do Angra participam de concerto da Orquestra Sinf\u00f4nica Jovem em noite que ir\u00e1 celebrar a cultura pop.<\/p>\n\n\n\n<p>Jo\u00e3o Pessoa (PB), Julho de 2024 \u2013 Todo evento que se preze come\u00e7a com uma super abertura, e o Imagineland n\u00e3o ser\u00e1 diferente. O evento acaba de anunciar a Cerim\u00f4nia de Abertura, que marca o in\u00edcio da edi\u00e7\u00e3o 2024 do mais importante evento de cultura pop do Nordeste-Nordeste.<br><\/p>\n\n\n\n<p>A Cerim\u00f4nia de Abertura acontece na quinta-feira (25), \u00e0s 19h, no Centerplex Cinemas Pedra do Reino, com transmiss\u00e3o exclusiva no canal Ei Nerd. Quem quiser fazer parte desse momento \u00fanico, pode descolar um convite atrav\u00e9s deste link. Os convites s\u00e3o gratuitos, por\u00e9m extremamente limitados.<\/p>\n\n\n\n<p>Com apresenta\u00e7\u00e3o de Gi Ismael e Peter Jordan, a Cerim\u00f4nia de Abertura promete uma grande celebra\u00e7\u00e3o \u00e0 cultura pop. Entre muitas surpresas, a noite contar\u00e1 com apresenta\u00e7\u00e3o da Orquestra Sinf\u00f4nica Jovem da Para\u00edba celebrando os 30 anos de Os Cavaleiros do Zod\u00edaco no Brasil. Sob reg\u00eancia do maestro Luiz Carlos Durier, o concerto ter\u00e1 a participa\u00e7\u00e3o do cantor oficial do Cavaleiros do Zod\u00edaco no Brasil, Rod Rossi, e do guitarrista da banda Angra, Marcelo Barbosa.<br><br>Ainda PARA CELEBRAR OS 30 ANOS DE CAVALEIROS DO ZOD\u00cdACO NO BRASIL, o Imagineland e o lend\u00e1rio est\u00fadio japon\u00eas @toei_animation se juntam para uma exposi\u00e7\u00e3o \u00daNICA e mais que especial!<\/p>\n\n\n\n<p>Pra representar bem esse momento, uma \u00e1rea com mais de 400m\u00b2 foi reservada pra essa mostra &#8211; com uma timeline dos principais acontecimentos de CDZ no Brasil, al\u00e9m de uma simula\u00e7\u00e3o das 12 casas em TAMANHO REAL &#8211; e quem for pra exposi\u00e7\u00e3o, ainda leva um p\u00f4ster oficial de presente. Muito irado, n\u00e9?<\/p>\n\n\n\n<figure class=\"wp-block-image size-large\"><a href=\"https:\/\/quebrandocontrole.com.br\/site\/wp-content\/uploads\/2024\/07\/image-2.png\"><img loading=\"lazy\" decoding=\"async\" width=\"1024\" height=\"600\" src=\"https:\/\/quebrandocontrole.com.br\/site\/wp-content\/uploads\/2024\/07\/image-2-1024x600.png\" alt=\"\" class=\"wp-image-51215\" srcset=\"https:\/\/quebrandocontrole.com.br\/site\/wp-content\/uploads\/2024\/07\/image-2-1024x600.png 1024w, https:\/\/quebrandocontrole.com.br\/site\/wp-content\/uploads\/2024\/07\/image-2-300x176.png 300w, https:\/\/quebrandocontrole.com.br\/site\/wp-content\/uploads\/2024\/07\/image-2-768x450.png 768w, https:\/\/quebrandocontrole.com.br\/site\/wp-content\/uploads\/2024\/07\/image-2-500x293.png 500w, https:\/\/quebrandocontrole.com.br\/site\/wp-content\/uploads\/2024\/07\/image-2.png 1146w\" sizes=\"auto, (max-width: 1024px) 100vw, 1024px\" \/><\/a><figcaption class=\"wp-element-caption\">Imagem &#8211; Site Omelete<\/figcaption><\/figure>\n\n\n\n<p>A exposi\u00e7\u00e3o dos Cavaleiros do Zod\u00edaco ficar\u00e1 dispon\u00edvel para os 3 dias de festival<\/p>\n\n\n\n<p><br><br>Cerim\u00f4nia de Abertura Imagineland 2024<\/p>\n\n\n\n<ul class=\"wp-block-list\">\n<li>Data: Quinta-feira, 25 de julho<\/li>\n\n\n\n<li>Hor\u00e1rio: 19 horas<\/li>\n\n\n\n<li>Local: Centro de Conven\u00e7\u00f5es de Jo\u00e3o Pessoa &#8211; Rodovia PB-008, Km 5 s\/n Polo Tur\u00edstico Cabo Branco.<\/li>\n\n\n\n<li>VAGAS LIMITADAS. Entrada gratuita e mediante preenchimento deste formul\u00e1rio: <a href=\"https:\/\/docs.google.com\/forms\/d\/e\/1FAIpQLSfH0ud6V88dC_MZNaT2jv0Tx44TC3jrJ1bX7pXsgPr8kQO4Tg\/viewform\" target=\"_blank\" rel=\"noreferrer noopener\">https:\/\/docs.google.com\/forms\/d\/e\/1FAIpQLSfH0ud6V88dC_MZNaT2jv0Tx44TC3jrJ1bX7pXsgPr8kQO4Tg\/viewform<\/a><br><\/li>\n<\/ul>\n","protected":false},"excerpt":{"rendered":"<p>Cantor oficial dos Cavaleiros do Zod\u00edaco e guitarrista do Angra participam de concerto da Orquestra Sinf\u00f4nica Jovem em noite que ir\u00e1 celebrar a cultura pop. Jo\u00e3o Pessoa (PB), Julho de 2024 \u2013 Todo evento que se preze come\u00e7a com uma super abertura, e o Imagineland n\u00e3o ser\u00e1 diferente. O evento acaba de anunciar a Cerim\u00f4nia [&hellip;]<\/p>\n","protected":false},"author":77,"featured_media":51216,"comment_status":"open","ping_status":"open","sticky":false,"template":"","format":"standard","meta":{"ngg_post_thumbnail":0,"footnotes":""},"categories":[4,8,6],"tags":[],"class_list":["post-51214","post","type-post","status-publish","format-standard","has-post-thumbnail","hentry","category-eventos","category-noticias","category-ultimas-noticias"],"wpmagazine_modules_lite_featured_media_urls":{"thumbnail":["https:\/\/quebrandocontrole.com.br\/site\/wp-content\/uploads\/2024\/07\/image-3-150x150.png",150,150,true],"cvmm-medium":["https:\/\/quebrandocontrole.com.br\/site\/wp-content\/uploads\/2024\/07\/image-3-300x300.png",300,300,true],"cvmm-medium-plus":["https:\/\/quebrandocontrole.com.br\/site\/wp-content\/uploads\/2024\/07\/image-3-305x207.png",305,207,true],"cvmm-portrait":["https:\/\/quebrandocontrole.com.br\/site\/wp-content\/uploads\/2024\/07\/image-3-400x600.png",400,600,true],"cvmm-medium-square":["https:\/\/quebrandocontrole.com.br\/site\/wp-content\/uploads\/2024\/07\/image-3-600x600.png",600,600,true],"cvmm-large":["https:\/\/quebrandocontrole.com.br\/site\/wp-content\/uploads\/2024\/07\/image-3-1024x862.png",1024,862,true],"cvmm-small":["https:\/\/quebrandocontrole.com.br\/site\/wp-content\/uploads\/2024\/07\/image-3-130x95.png",130,95,true],"full":["https:\/\/quebrandocontrole.com.br\/site\/wp-content\/uploads\/2024\/07\/image-3.png",1482,862,false]},"categories_names":{"4":{"name":"Eventos","link":"https:\/\/quebrandocontrole.com.br\/site\/category\/eventos\/"},"8":{"name":"Not\u00edcias","link":"https:\/\/quebrandocontrole.com.br\/site\/category\/noticias\/"},"6":{"name":"\u00daltimas not\u00edcias","link":"https:\/\/quebrandocontrole.com.br\/site\/category\/noticias\/ultimas-noticias\/"}},"tags_names":[],"comments_number":"0","_links":{"self":[{"href":"https:\/\/quebrandocontrole.com.br\/site\/wp-json\/wp\/v2\/posts\/51214","targetHints":{"allow":["GET"]}}],"collection":[{"href":"https:\/\/quebrandocontrole.com.br\/site\/wp-json\/wp\/v2\/posts"}],"about":[{"href":"https:\/\/quebrandocontrole.com.br\/site\/wp-json\/wp\/v2\/types\/post"}],"author":[{"embeddable":true,"href":"https:\/\/quebrandocontrole.com.br\/site\/wp-json\/wp\/v2\/users\/77"}],"replies":[{"embeddable":true,"href":"https:\/\/quebrandocontrole.com.br\/site\/wp-json\/wp\/v2\/comments?post=51214"}],"version-history":[{"count":0,"href":"https:\/\/quebrandocontrole.com.br\/site\/wp-json\/wp\/v2\/posts\/51214\/revisions"}],"wp:featuredmedia":[{"embeddable":true,"href":"https:\/\/quebrandocontrole.com.br\/site\/wp-json\/wp\/v2\/media\/51216"}],"wp:attachment":[{"href":"https:\/\/quebrandocontrole.com.br\/site\/wp-json\/wp\/v2\/media?parent=51214"}],"wp:term":[{"taxonomy":"category","embeddable":true,"href":"https:\/\/quebrandocontrole.com.br\/site\/wp-json\/wp\/v2\/categories?post=51214"},{"taxonomy":"post_tag","embeddable":true,"href":"https:\/\/quebrandocontrole.com.br\/site\/wp-json\/wp\/v2\/tags?post=51214"}],"curies":[{"name":"wp","href":"https:\/\/api.w.org\/{rel}","templated":true}]}}